{"id":1241,"date":"2026-08-31T17:37:51","date_gmt":"2026-08-31T15:37:51","guid":{"rendered":"https:\/\/imagine-stim.eu\/?p=1241"},"modified":"2026-08-31T17:43:55","modified_gmt":"2026-08-31T15:43:55","slug":"video-forum-5-communaute-de-pratique-epilepsies-et-handicap","status":"publish","type":"post","link":"https:\/\/imagine-stim.eu\/index.php\/2026\/08\/31\/video-forum-5-communaute-de-pratique-epilepsies-et-handicap\/","title":{"rendered":"Video-Forum #5 : Communaut\u00e9 de pratique \u00e9pilepsies et handicap"},"content":{"rendered":"\n<p class=\"wp-block-paragraph\">You are invited to the 5th Video Forum of the IMAGINE-STIM project, which will take place on 17 September 2026, from 12.30 pm to 1.30 pm.<\/p>\n\n\n\n<p class=\"wp-block-paragraph\">Fabienne ROUSSEY &amp; Johanna SCHOONBEE, from the Rare Disabilities Liaison Team (ERHR), will present their work on the Epilepsy and Disability Community of Practice, or how to use experiential knowledge to move forward together.<\/p>\n\n\n\n<div class=\"wp-block-media-text is-stacked-on-mobile\" style=\"grid-template-columns:26% auto\"><figure class=\"wp-block-media-text__media\"><a href=\"https:\/\/nordest.erhr.fr\/\"><img fetchpriority=\"high\" decoding=\"async\" width=\"768\" height=\"291\" src=\"https:\/\/imagine-stim.eu\/wp-content\/uploads\/2026\/07\/ERHR_Nord_est-logo.png\" alt=\"\" class=\"wp-image-1243 size-full\" srcset=\"https:\/\/imagine-stim.eu\/wp-content\/uploads\/2026\/07\/ERHR_Nord_est-logo.png 768w, https:\/\/imagine-stim.eu\/wp-content\/uploads\/2026\/07\/ERHR_Nord_est-logo-300x114.png 300w\" sizes=\"(max-width: 768px) 100vw, 768px\" \/><\/a><\/figure><div class=\"wp-block-media-text__content\">\n<p class=\"wp-block-paragraph\">L&#8217;\u00e9quipe relais handicaps rares<strong> (ERHR<\/strong>) est un dispositif qui accompagne les personnes en situation de handicap rare et les professionnels dont les personnes avec une \u00e9pilepsie s\u00e9v\u00e8re. Elle coordonne les acteurs concern\u00e9s, facilite les parcours complexes et aide \u00e0 construire des r\u00e9ponses adapt\u00e9es aux besoins. Elle apporte \u00e9galement une expertise et favorise la coop\u00e9ration entre les diff\u00e9rents partenaires.<\/p>\n<\/div><\/div>\n\n\n\n<p class=\"wp-block-paragraph\"><strong>Fabienne ROUSSEY<\/strong> <strong>Fabienne ROUSSEY-SCHULTZ<\/strong> est <strong>Pilote de Equipe Relais Handicap Rare<\/strong> pour le <strong>Territoire Alsace<\/strong>.<\/p>\n\n\n\n<p class=\"wp-block-paragraph\"><strong>Johanna SCHOONBEE<\/strong> est <strong>Coordinatrice de parcours complexes<\/strong>, \u00e0 la ERHR, Nord-Est.<\/p>\n\n\n\n<hr class=\"wp-block-separator has-alpha-channel-opacity is-style-wide\"\/>\n\n\n\n<p class=\"has-medium-font-size wp-block-paragraph\">L\u2019\u00e9v\u00e9nement est<strong> gratuit<\/strong> et <strong>accessible<\/strong><\/p>\n\n\n\n<p class=\"has-medium-font-size wp-block-paragraph\">La pr\u00e9sentation sera faite en fran\u00e7ais, avec traduction en Allemand.<br><br><strong>INSCRIPTION<\/strong>&nbsp;<strong><a href=\"https:\/\/evento.renater.fr\/survey\/video-forum-imagine-...-1xekrt4z\">ICI<\/a><\/strong><\/p>\n\n\n\n<p class=\"wp-block-paragraph\">Vous allez vous connecter sur <em>EVENTO<\/em> : &#8220;<em>Invitation \u00e0<\/em> <em>r\u00e9pondre<\/em> <em>\u00e0 un<\/em> <em>sondage<\/em>&#8220;<br><br><strong>Vous allez recevoir le lien VISIO le 17 septembre, dans la matin\u00e9e.<\/strong><br>Si vous n\u2019avez rien re\u00e7u, merci de v\u00e9rifier vos spams.<\/p>\n\n\n\n<figure class=\"wp-block-image size-large\"><img decoding=\"async\" width=\"1024\" height=\"577\" src=\"https:\/\/imagine-stim.eu\/wp-content\/uploads\/2026\/08\/Affiche-FR_video-forum5_ERHR-1024x577.png\" alt=\"\" class=\"wp-image-1283\" srcset=\"https:\/\/imagine-stim.eu\/wp-content\/uploads\/2026\/08\/Affiche-FR_video-forum5_ERHR-1024x577.png 1024w, https:\/\/imagine-stim.eu\/wp-content\/uploads\/2026\/08\/Affiche-FR_video-forum5_ERHR-300x169.png 300w, https:\/\/imagine-stim.eu\/wp-content\/uploads\/2026\/08\/Affiche-FR_video-forum5_ERHR-768x433.png 768w, https:\/\/imagine-stim.eu\/wp-content\/uploads\/2026\/08\/Affiche-FR_video-forum5_ERHR-1536x866.png 1536w, https:\/\/imagine-stim.eu\/wp-content\/uploads\/2026\/08\/Affiche-FR_video-forum5_ERHR.png 2007w\" sizes=\"(max-width: 1024px) 100vw, 1024px\" \/><\/figure>\n","protected":false},"excerpt":{"rendered":"<p>Le 17 septembre 2026, Fabienne ROUSSEY &#038; Johanna SCHOONBEE, de l&#8217;\u00e9quipe relais handicaps rares (ERHR), pr\u00e9senteront leur travail sur la Communaut\u00e9 de pratique \u00e9pilepsies et handicap, ou comment se baser sur des savoirs exp\u00e9rientiels pour avancer ensemble.<\/p>\n","protected":false},"author":2,"featured_media":0,"comment_status":"closed","ping_status":"closed","sticky":false,"template":"","format":"standard","meta":{"footnotes":""},"categories":[1],"tags":[],"class_list":["post-1241","post","type-post","status-publish","format-standard","hentry","category-non-classe"],"_links":{"self":[{"href":"https:\/\/imagine-stim.eu\/index.php\/wp-json\/wp\/v2\/posts\/1241","targetHints":{"allow":["GET"]}}],"collection":[{"href":"https:\/\/imagine-stim.eu\/index.php\/wp-json\/wp\/v2\/posts"}],"about":[{"href":"https:\/\/imagine-stim.eu\/index.php\/wp-json\/wp\/v2\/types\/post"}],"author":[{"embeddable":true,"href":"https:\/\/imagine-stim.eu\/index.php\/wp-json\/wp\/v2\/users\/2"}],"replies":[{"embeddable":true,"href":"https:\/\/imagine-stim.eu\/index.php\/wp-json\/wp\/v2\/comments?post=1241"}],"version-history":[{"count":14,"href":"https:\/\/imagine-stim.eu\/index.php\/wp-json\/wp\/v2\/posts\/1241\/revisions"}],"predecessor-version":[{"id":1284,"href":"https:\/\/imagine-stim.eu\/index.php\/wp-json\/wp\/v2\/posts\/1241\/revisions\/1284"}],"wp:attachment":[{"href":"https:\/\/imagine-stim.eu\/index.php\/wp-json\/wp\/v2\/media?parent=1241"}],"wp:term":[{"taxonomy":"category","embeddable":true,"href":"https:\/\/imagine-stim.eu\/index.php\/wp-json\/wp\/v2\/categories?post=1241"},{"taxonomy":"post_tag","embeddable":true,"href":"https:\/\/imagine-stim.eu\/index.php\/wp-json\/wp\/v2\/tags?post=1241"}],"curies":[{"name":"wp","href":"https:\/\/api.w.org\/{rel}","templated":true}]}}