{"id":1245,"date":"2026-08-31T17:36:56","date_gmt":"2026-08-31T15:36:56","guid":{"rendered":"https:\/\/imagine-stim.eu\/?p=1245"},"modified":"2026-08-31T17:48:46","modified_gmt":"2026-08-31T15:48:46","slug":"video-forum-5-community-of-practice-zu-epilepsien-und-behinderung","status":"publish","type":"post","link":"https:\/\/imagine-stim.eu\/index.php\/de\/2026\/08\/31\/video-forum-5-community-of-practice-zu-epilepsien-und-behinderung\/","title":{"rendered":"Video-Forum #5 : Community of Practice zu Epilepsien und Behinderung\u00a0"},"content":{"rendered":"\n<p class=\"wp-block-paragraph\">Fabienne ROUSSEY &amp; Johanna SCHOONBEE vom Team \u201e<strong>Relais Handicaps Rares<\/strong>\u201c (ERHR) werden ihre Arbeit zur \u201e<strong>Community of Practice zu Epilepsien und Behinderung, Mit Erfahrunswissen gemeinsam vorankommen<\/strong>.<\/p>\n\n\n\n<div class=\"wp-block-media-text is-stacked-on-mobile\" style=\"grid-template-columns:26% auto\"><figure class=\"wp-block-media-text__media\"><a href=\"https:\/\/nordest.erhr.fr\/\"><img fetchpriority=\"high\" decoding=\"async\" width=\"768\" height=\"291\" src=\"https:\/\/imagine-stim.eu\/wp-content\/uploads\/2026\/07\/ERHR_Nord_est-logo.png\" alt=\"\" class=\"wp-image-1243 size-full\" srcset=\"https:\/\/imagine-stim.eu\/wp-content\/uploads\/2026\/07\/ERHR_Nord_est-logo.png 768w, https:\/\/imagine-stim.eu\/wp-content\/uploads\/2026\/07\/ERHR_Nord_est-logo-300x114.png 300w\" sizes=\"(max-width: 768px) 100vw, 768px\" \/><\/a><\/figure><div class=\"wp-block-media-text__content\">\n<p class=\"wp-block-paragraph\">Das Team f\u00fcr seltene Behinderungen (\u00c9quipe Relais Handicaps Rares, ERHR) ist eine Einrichtung, die Menschen mit seltenen Behinderungen \u2013 darunter auch Personen mit schwerer Epilepsie \u2013 sowie Fachkr\u00e4fte begleitet. Es koordiniert die beteiligten Akteure, unterst\u00fctzt bei komplexen Versorgungs- und Betreuungsverl\u00e4ufen und hilft dabei, bedarfsgerechte L\u00f6sungen zu entwickeln. Dar\u00fcber hinaus bringt das ERHR seine fachliche Expertise ein und f\u00f6rdert die Zusammenarbeit zwischen den verschiedenen Partnern.<\/p>\n<\/div><\/div>\n\n\n\n<p class=\"wp-block-paragraph\"><strong>Fabienne ROUSSEY-SCHULTZ<\/strong> ist Teamleiterin des \u201eRelais Handicap Rare\u201c f\u00fcr die Region Elsass.<\/p>\n\n\n\n<p class=\"wp-block-paragraph\"><strong>Johanna SCHOONBEE<\/strong> ist Koordinatorin f\u00fcr komplexe Behandlungsverl\u00e4ufe beim \u201eRelais Handicap Rare\u201c (ERHR) im Nordosten.<\/p>\n\n\n\n<hr class=\"wp-block-separator has-alpha-channel-opacity is-style-wide\"\/>\n\n\n\n<p class=\"wp-block-paragraph\"><em>Der Vortrag wird auf Franz\u00f6sisch gehalten und ins Deutsche \u00fcbersetzt.<\/em><\/p>\n\n\n\n<p class=\"wp-block-paragraph\"><strong>Anmeldung:<\/strong> <strong><a href=\"https:\/\/evento.renater.fr\/survey\/video-forum-imagine-...-1xekrt4z\">HIER<\/a><\/strong><br><br>Sie werden mit EVENTO verbunden (auf Franz\u00f6sisch): &#8220;<em>Invitation \u00e0<\/em> <em>r\u00e9pondre<\/em> <em>\u00e0<\/em> <em>un<\/em> <em>sondage<\/em>&#8221; (Einladung zur Teilnahme an einer Umfrage).<br>Sie m\u00fcssen die Option: \u2018<em>J&#8217;acepte<\/em> <em>les<\/em> <em>conditions<\/em> <em>d&#8217;utilisations<\/em>&#8221; (Ich akzeptiere die Nutzungsbedingungen).<br>Dann schlie\u00dfen Sie Ihre Einschreibung ab : &#8220;<em>Valider les<\/em> <em>r\u00e9ponses<\/em>&#8221; (Best\u00e4tigen Sie Ihre Antworten)<\/p>\n\n\n\n<p class=\"wp-block-paragraph\">*<em>Sie erhalten den Link zur Konferenz am Vormittag des 17. September<\/em>*<br>    Bitte \u00fcberpr\u00fcfen Sie Ihren Spam-Ordner.<\/p>\n\n\n\n<figure class=\"wp-block-image size-large\"><img decoding=\"async\" width=\"1024\" height=\"577\" src=\"https:\/\/imagine-stim.eu\/wp-content\/uploads\/2026\/08\/Affiche-DE_video-forum5_ERHR-1024x577.png\" alt=\"\" class=\"wp-image-1290\" srcset=\"https:\/\/imagine-stim.eu\/wp-content\/uploads\/2026\/08\/Affiche-DE_video-forum5_ERHR-1024x577.png 1024w, https:\/\/imagine-stim.eu\/wp-content\/uploads\/2026\/08\/Affiche-DE_video-forum5_ERHR-300x169.png 300w, https:\/\/imagine-stim.eu\/wp-content\/uploads\/2026\/08\/Affiche-DE_video-forum5_ERHR-768x433.png 768w, https:\/\/imagine-stim.eu\/wp-content\/uploads\/2026\/08\/Affiche-DE_video-forum5_ERHR-1536x866.png 1536w, https:\/\/imagine-stim.eu\/wp-content\/uploads\/2026\/08\/Affiche-DE_video-forum5_ERHR.png 2007w\" sizes=\"(max-width: 1024px) 100vw, 1024px\" \/><\/figure>\n","protected":false},"excerpt":{"rendered":"<p>Am 17. September 2026 werden Fabienne ROUSSEY und Johanna SCHOONBEE vom Team \u201eRelais Handicaps Rares\u201c (ERHR) ihre Arbeit zur Community of Practice zu Epilepsien und Behinderung.<\/p>\n","protected":false},"author":2,"featured_media":0,"comment_status":"closed","ping_status":"closed","sticky":false,"template":"","format":"standard","meta":{"footnotes":""},"categories":[11],"tags":[],"class_list":["post-1245","post","type-post","status-publish","format-standard","hentry","category-non-classe-de"],"_links":{"self":[{"href":"https:\/\/imagine-stim.eu\/index.php\/wp-json\/wp\/v2\/posts\/1245","targetHints":{"allow":["GET"]}}],"collection":[{"href":"https:\/\/imagine-stim.eu\/index.php\/wp-json\/wp\/v2\/posts"}],"about":[{"href":"https:\/\/imagine-stim.eu\/index.php\/wp-json\/wp\/v2\/types\/post"}],"author":[{"embeddable":true,"href":"https:\/\/imagine-stim.eu\/index.php\/wp-json\/wp\/v2\/users\/2"}],"replies":[{"embeddable":true,"href":"https:\/\/imagine-stim.eu\/index.php\/wp-json\/wp\/v2\/comments?post=1245"}],"version-history":[{"count":11,"href":"https:\/\/imagine-stim.eu\/index.php\/wp-json\/wp\/v2\/posts\/1245\/revisions"}],"predecessor-version":[{"id":1291,"href":"https:\/\/imagine-stim.eu\/index.php\/wp-json\/wp\/v2\/posts\/1245\/revisions\/1291"}],"wp:attachment":[{"href":"https:\/\/imagine-stim.eu\/index.php\/wp-json\/wp\/v2\/media?parent=1245"}],"wp:term":[{"taxonomy":"category","embeddable":true,"href":"https:\/\/imagine-stim.eu\/index.php\/wp-json\/wp\/v2\/categories?post=1245"},{"taxonomy":"post_tag","embeddable":true,"href":"https:\/\/imagine-stim.eu\/index.php\/wp-json\/wp\/v2\/tags?post=1245"}],"curies":[{"name":"wp","href":"https:\/\/api.w.org\/{rel}","templated":true}]}}